{"id":22715,"date":"2023-05-22T14:00:00","date_gmt":"2023-05-22T11:00:00","guid":{"rendered":"https:\/\/cms.mediatiedot.etuovi.com\/mediatieto\/?p=22715"},"modified":"2023-05-23T12:13:54","modified_gmt":"2023-05-23T09:13:54","slug":"vuokraovi-com-tutki-suurimmalla-osalla-vallitseva-tilanne-ei-vaikuta-asunnonvaihtosuunnitelmiin","status":"publish","type":"post","link":"https:\/\/cms.mediatiedot.etuovi.com\/mediatieto\/vuokraovi-com-tutki-suurimmalla-osalla-vallitseva-tilanne-ei-vaikuta-asunnonvaihtosuunnitelmiin\/","title":{"rendered":"Vuokraovi.com tutki \u2013 Suurimmalla osalla vallitseva tilanne ei vaikuta asunnonvaihtosuunnitelmiin"},"content":{"rendered":"\t\t<div data-elementor-type=\"wp-post\" data-elementor-id=\"22715\" class=\"elementor elementor-22715\">\n\t\t\t\t\t\t<div class=\"elementor-inner\">\n\t\t\t\t<div class=\"elementor-section-wrap\">\n\t\t\t\t\t\t\t\t\t<section class=\"elementor-section elementor-top-section elementor-element elementor-element-1926bbb elementor-section-boxed elementor-section-height-default elementor-section-height-default\" data-id=\"1926bbb\" data-element_type=\"section\">\n\t\t\t\t\t\t<div class=\"elementor-container elementor-column-gap-default\">\n\t\t\t\t\t\t\t<div class=\"elementor-row\">\n\t\t\t\t\t<div class=\"elementor-column elementor-col-100 elementor-top-column elementor-element elementor-element-56f0211\" data-id=\"56f0211\" data-element_type=\"column\">\n\t\t\t<div class=\"elementor-column-wrap elementor-element-populated\">\n\t\t\t\t\t\t\t<div class=\"elementor-widget-wrap\">\n\t\t\t\t\t\t<div class=\"elementor-element elementor-element-e52754a elementor-widget elementor-widget-image\" data-id=\"e52754a\" data-element_type=\"widget\" data-widget_type=\"image.default\">\n\t\t\t\t<div class=\"elementor-widget-container\">\n\t\t\t\t\t\t\t\t<div class=\"elementor-image\">\n\t\t\t\t\t\t\t\t\t\t\t\t<img loading=\"lazy\" decoding=\"async\" width=\"800\" height=\"94\" src=\"https:\/\/cms.mediatiedot.etuovi.com\/mediatieto\/wp-content\/uploads\/VO_markkinapulssi_artikkelisivulle.png\" class=\"attachment-large size-large wp-image-9895\" alt=\"\" srcset=\"https:\/\/cms.mediatiedot.etuovi.com\/mediatieto\/wp-content\/uploads\/VO_markkinapulssi_artikkelisivulle.png 800w, https:\/\/cms.mediatiedot.etuovi.com\/mediatieto\/wp-content\/uploads\/VO_markkinapulssi_artikkelisivulle-768x90.png 768w\" sizes=\"auto, (max-width: 800px) 100vw, 800px\" \/>\t\t\t\t\t\t\t\t\t\t\t\t\t\t<\/div>\n\t\t\t\t\t\t<\/div>\n\t\t\t\t<\/div>\n\t\t\t\t<div class=\"elementor-element elementor-element-49a398a elementor-widget elementor-widget-heading\" data-id=\"49a398a\" data-element_type=\"widget\" data-widget_type=\"heading.default\">\n\t\t\t\t<div class=\"elementor-widget-container\">\n\t\t\t<h1 class=\"elementor-heading-title elementor-size-medium\">Suurimmalla osalla vallitseva tilanne ei vaikuta asunnonvaihtosuunnitelmiin<\/h1>\t\t<\/div>\n\t\t\t\t<\/div>\n\t\t\t\t<div class=\"elementor-element elementor-element-d2b8f26 elementor-widget elementor-widget-heading\" data-id=\"d2b8f26\" data-element_type=\"widget\" data-widget_type=\"heading.default\">\n\t\t\t\t<div class=\"elementor-widget-container\">\n\t\t\t<h2 class=\"elementor-heading-title elementor-size-default\">Markkinapulssi tutkii - kyselyn tulokset (vko 10-12 2023)<\/h2>\t\t<\/div>\n\t\t\t\t<\/div>\n\t\t\t\t\t\t<\/div>\n\t\t\t\t\t<\/div>\n\t\t<\/div>\n\t\t\t\t\t\t\t\t<\/div>\n\t\t\t\t\t<\/div>\n\t\t<\/section>\n\t\t\t\t<section class=\"elementor-section elementor-top-section elementor-element elementor-element-15d3e03 elementor-section-boxed elementor-section-height-default elementor-section-height-default\" data-id=\"15d3e03\" data-element_type=\"section\">\n\t\t\t\t\t\t<div class=\"elementor-container elementor-column-gap-default\">\n\t\t\t\t\t\t\t<div class=\"elementor-row\">\n\t\t\t\t\t<div class=\"elementor-column elementor-col-100 elementor-top-column elementor-element elementor-element-bf9490c\" data-id=\"bf9490c\" data-element_type=\"column\">\n\t\t\t<div class=\"elementor-column-wrap elementor-element-populated\">\n\t\t\t\t\t\t\t<div class=\"elementor-widget-wrap\">\n\t\t\t\t\t\t<section class=\"elementor-section elementor-inner-section elementor-element elementor-element-7c2df8d elementor-section-boxed elementor-section-height-default elementor-section-height-default\" data-id=\"7c2df8d\" data-element_type=\"section\">\n\t\t\t\t\t\t<div class=\"elementor-container elementor-column-gap-default\">\n\t\t\t\t\t\t\t<div class=\"elementor-row\">\n\t\t\t\t\t<div class=\"elementor-column elementor-col-100 elementor-inner-column elementor-element elementor-element-d3bb70b\" data-id=\"d3bb70b\" data-element_type=\"column\">\n\t\t\t<div class=\"elementor-column-wrap elementor-element-populated\">\n\t\t\t\t\t\t\t<div class=\"elementor-widget-wrap\">\n\t\t\t\t\t\t<div class=\"elementor-element elementor-element-cee4fc2 elementor-widget elementor-widget-text-editor\" data-id=\"cee4fc2\" data-element_type=\"widget\" data-widget_type=\"text-editor.default\">\n\t\t\t\t<div class=\"elementor-widget-container\">\n\t\t\t\t\t\t\t\t<div class=\"elementor-text-editor elementor-clearfix\">\n\t\t\t\t<p>Selvitimme Markkinapulssi tutkii -kyselyll\u00e4 j\u00e4lleen vuokra- ja asumisoikeusasunnon hankinta-aikeita, niiden ajankohtaa ja vallitsevan tilanteen vaikutusta asunnonvaihtosuunnitelmiin. <b>Vallitseva tilanne vaikuttaa nyt v\u00e4h\u00e4n harvemmalla asunnonvaihtosuunnitelmiin kuin syksyll\u00e4 2022<\/b> ja l\u00e4hes puolelle asunnon hankintaa suunnittelevista hankinta on ajankohtaista heti kun sopiva asunto l\u00f6ytyy.<\/p>\n<p><span style=\"font-family: var( --e-global-typography-text-font-family ), Sans-serif;\"><b>Vuokra-asunnon hankinta-aikeet ovat vastaajilla samalla tasolla kuin vuosi sitten<\/b> (nyt 73 %, lokakuussa 67 % ja maaliskuussa 2022 72 %). Asumisoikeusasunnon hankintaa suunnittelee 9 % vastaajista (lokakuussa 11 %, maaliskuussa 2022 10 %). <b>Asunnon hankintaa suunnittelevista l\u00e4hes puolelle hankinta on ajankohtaista heti kun sopiva asunto l\u00f6ytyy. <\/b>V\u00e4h\u00e4n aiempaa useammalle hankinta on nyt kuitenkin ajankohtaista vasta seuraavan puolen vuoden aikana.<\/span><\/p>\n<p><span style=\"font-family: var( --e-global-typography-text-font-family ), Sans-serif;\"><b>Vallitseva tilanne vaikuttaa nyt v\u00e4h\u00e4n harvemmalla asunnonvaihtosuunnitelmiin kuin lokakuussa 2022.<\/b> Asunnon hankintaa suunnittelevista 36 prosentilla tilanne vaikuttaa kyll\u00e4 tai ehk\u00e4 (lokakuussa 39 %, maaliskuussa 2022 Ven\u00e4j\u00e4n hy\u00f6kk\u00e4ys ja sen seuraukset vaikuttivat 13 prosentilla). Eniten vallitsevalla tilanteella arvioivat olevan vaikutusta alle 25-vuotiaat ja v\u00e4hiten 55 vuotta t\u00e4ytt\u00e4neet.<\/span><\/p>\n<p><span style=\"font-family: var( --e-global-typography-text-font-family ), Sans-serif;\"><b>Vallitsevan tilanteen vaikutus n\u00e4kyy selv\u00e4sti yleisimmin edullisemman vuokra- tai asumisoikeusasunnon etsimisen\u00e4<\/b> (50 %, lokakuussa 49 %). Muita vaikutuksia ovat energiatehokkaalla l\u00e4mmitysmuodolla varustetun asunnon etsiminen (21 %, lokakuussa 26 %), l\u00e4hemp\u00e4\u00e4 palveluita asunnon etsiminen (18 %, lokakuussa 14 %) ja parempien julkisten liikenneyhteyksien p\u00e4\u00e4st\u00e4 asunnon etsiminen (18 %, lokakuussa 16 %).<\/span><\/p>\t\t\t\t\t<\/div>\n\t\t\t\t\t\t<\/div>\n\t\t\t\t<\/div>\n\t\t\t\t\t\t<\/div>\n\t\t\t\t\t<\/div>\n\t\t<\/div>\n\t\t\t\t\t\t\t\t<\/div>\n\t\t\t\t\t<\/div>\n\t\t<\/section>\n\t\t\t\t\t\t<\/div>\n\t\t\t\t\t<\/div>\n\t\t<\/div>\n\t\t\t\t\t\t\t\t<\/div>\n\t\t\t\t\t<\/div>\n\t\t<\/section>\n\t\t\t\t<section class=\"elementor-section elementor-top-section elementor-element elementor-element-751866b elementor-section-boxed elementor-section-height-default elementor-section-height-default\" data-id=\"751866b\" data-element_type=\"section\">\n\t\t\t\t\t\t<div class=\"elementor-container elementor-column-gap-default\">\n\t\t\t\t\t\t\t<div class=\"elementor-row\">\n\t\t\t\t\t<div class=\"elementor-column elementor-col-100 elementor-top-column elementor-element elementor-element-1b7dcce\" data-id=\"1b7dcce\" data-element_type=\"column\">\n\t\t\t<div class=\"elementor-column-wrap elementor-element-populated\">\n\t\t\t\t\t\t\t<div class=\"elementor-widget-wrap\">\n\t\t\t\t\t\t<div class=\"elementor-element elementor-element-4f1b799 elementor-widget elementor-widget-html\" data-id=\"4f1b799\" data-element_type=\"widget\" data-widget_type=\"html.default\">\n\t\t\t\t<div class=\"elementor-widget-container\">\n\t\t\t<div class=\"infogram-embed\" data-id=\"_\/mxZ6ZwWHFhYLmuHoFkON\" data-type=\"interactive\" data-title=\"VO kysely 11 -markkinapuntari_1\"><\/div><script>!function(e,i,n,s){var t=\"InfogramEmbeds\",d=e.getElementsByTagName(\"script\")[0];if(window[t]&&window[t].initialized)window[t].process&&window[t].process();else if(!e.getElementById(n)){var o=e.createElement(\"script\");o.async=1,o.id=n,o.src=\"https:\/\/e.infogram.com\/js\/dist\/embed-loader-min.js\",d.parentNode.insertBefore(o,d)}}(document,0,\"infogram-async\");<\/script>\t\t<\/div>\n\t\t\t\t<\/div>\n\t\t\t\t\t\t<\/div>\n\t\t\t\t\t<\/div>\n\t\t<\/div>\n\t\t\t\t\t\t\t\t<\/div>\n\t\t\t\t\t<\/div>\n\t\t<\/section>\n\t\t\t\t<section class=\"elementor-section elementor-top-section elementor-element elementor-element-42a2f61 elementor-section-boxed elementor-section-height-default elementor-section-height-default\" data-id=\"42a2f61\" data-element_type=\"section\">\n\t\t\t\t\t\t<div class=\"elementor-container elementor-column-gap-default\">\n\t\t\t\t\t\t\t<div class=\"elementor-row\">\n\t\t\t\t\t<div class=\"elementor-column elementor-col-100 elementor-top-column elementor-element elementor-element-b082668\" data-id=\"b082668\" data-element_type=\"column\">\n\t\t\t<div class=\"elementor-column-wrap elementor-element-populated\">\n\t\t\t\t\t\t\t<div class=\"elementor-widget-wrap\">\n\t\t\t\t\t\t<div class=\"elementor-element elementor-element-ee982d5 elementor-widget elementor-widget-text-editor\" data-id=\"ee982d5\" data-element_type=\"widget\" data-widget_type=\"text-editor.default\">\n\t\t\t\t<div class=\"elementor-widget-container\">\n\t\t\t\t\t\t\t\t<div class=\"elementor-text-editor elementor-clearfix\">\n\t\t\t\t<p><b>Suurin osa asunnon hankintaa suunnittelevista on nykyisess\u00e4kin tilanteessa valmiita etenem\u00e4\u00e4n asunnonvaihdon eri vaiheissa.<\/b><\/p>\n<p><span style=\"font-family: var( --e-global-typography-text-font-family ), Sans-serif;\"><b>Asunnon hankintaa suunnittelevista<\/b> (suluissa lokakuun ja maaliskuun 2022 luvut):<\/span><\/p>\n<p>\u2022 <b>72 %<\/b> on <b>etsinyt asuntoa<\/b> entiseen tapaan tai aktiivisemmin (74 %, 82 %)<br>\u2022 <b>63 %<\/b> on k\u00e4ynyt tai voisi k\u00e4yd\u00e4 <b>asuntoesittelyiss\u00e4<\/b> (64 %, 66 %)<br>\u2022 Vuokra-asuntoa etsivist\u00e4 <b>69 %<\/b> on valmis tekem\u00e4\u00e4n <b>vuokrasopimuksen<\/b> (70 %, 75 %)<br>\u2022 Asumisoikeusasuntoa etsivist\u00e4 <b>63 %<\/b> on valmis tekem\u00e4\u00e4n <b>asumisoikeussopimuksen<\/b> (50 %, 59 %)<\/p>\n<p><span style=\"font-family: var( --e-global-typography-text-font-family ), Sans-serif;\"><b>Vuokra-asuntoa etsivist\u00e4 46 % kokee sopivan asunnon l\u00f6yt\u00e4misen olevan t\u00e4ll\u00e4 hetkell\u00e4 hankalaa.<\/b>&nbsp;<\/span><span style=\"color: var( --e-global-color-text );\">Hankalimmaksi l\u00f6yt\u00e4misen kokevat lapsiperheelliset ja isoa asuntoa, erityisesti v\u00e4hint\u00e4\u00e4n 4h+k kokoista etsiv\u00e4t, mutta my\u00f6s jo 3h+k kokoista etsiv\u00e4t. My\u00f6s sopivan rivi-\/paritaloasunnon tai omakotitalon l\u00f6yt\u00e4minen on hankalampaa kuin kerrostaloasunnon.<\/span><\/p>\t\t\t\t\t<\/div>\n\t\t\t\t\t\t<\/div>\n\t\t\t\t<\/div>\n\t\t\t\t\t\t<\/div>\n\t\t\t\t\t<\/div>\n\t\t<\/div>\n\t\t\t\t\t\t\t\t<\/div>\n\t\t\t\t\t<\/div>\n\t\t<\/section>\n\t\t\t\t<section class=\"elementor-section elementor-top-section elementor-element elementor-element-0738928 elementor-section-boxed elementor-section-height-default elementor-section-height-default\" data-id=\"0738928\" data-element_type=\"section\">\n\t\t\t\t\t\t<div class=\"elementor-container elementor-column-gap-default\">\n\t\t\t\t\t\t\t<div class=\"elementor-row\">\n\t\t\t\t\t<div class=\"elementor-column elementor-col-100 elementor-top-column elementor-element elementor-element-7864966\" data-id=\"7864966\" data-element_type=\"column\">\n\t\t\t<div class=\"elementor-column-wrap elementor-element-populated\">\n\t\t\t\t\t\t\t<div class=\"elementor-widget-wrap\">\n\t\t\t\t\t\t<div class=\"elementor-element elementor-element-6790e83 elementor-widget elementor-widget-html\" data-id=\"6790e83\" data-element_type=\"widget\" data-widget_type=\"html.default\">\n\t\t\t\t<div class=\"elementor-widget-container\">\n\t\t\t<div class=\"infogram-embed\" data-id=\"_\/Lko0XmIfNXkuwrI4C7t1\" data-type=\"interactive\" data-title=\"VO kysely 11 -markkinapuntari_2\"><\/div><script>!function(e,i,n,s){var t=\"InfogramEmbeds\",d=e.getElementsByTagName(\"script\")[0];if(window[t]&&window[t].initialized)window[t].process&&window[t].process();else if(!e.getElementById(n)){var o=e.createElement(\"script\");o.async=1,o.id=n,o.src=\"https:\/\/e.infogram.com\/js\/dist\/embed-loader-min.js\",d.parentNode.insertBefore(o,d)}}(document,0,\"infogram-async\");<\/script>\t\t<\/div>\n\t\t\t\t<\/div>\n\t\t\t\t<div class=\"elementor-element elementor-element-615407d elementor-widget elementor-widget-spacer\" data-id=\"615407d\" data-element_type=\"widget\" data-widget_type=\"spacer.default\">\n\t\t\t\t<div class=\"elementor-widget-container\">\n\t\t\t\t\t<div class=\"elementor-spacer\">\n\t\t\t<div class=\"elementor-spacer-inner\"><\/div>\n\t\t<\/div>\n\t\t\t\t<\/div>\n\t\t\t\t<\/div>\n\t\t\t\t<div class=\"elementor-element elementor-element-0683e4b elementor-widget elementor-widget-text-editor\" data-id=\"0683e4b\" data-element_type=\"widget\" data-widget_type=\"text-editor.default\">\n\t\t\t\t<div class=\"elementor-widget-container\">\n\t\t\t\t\t\t\t\t<div class=\"elementor-text-editor elementor-clearfix\">\n\t\t\t\t<p><em>Markkinapulssi tutkii -kyselyt selvitt\u00e4v\u00e4t Vuokraovi.comin k\u00e4vij\u00f6iden asunnonvaihtoaikeita nykytilanteessa. T\u00e4m\u00e4 vuorossaan 10. kysely toteutettiin 8.-21.3.2023 ja siihen vastasi 1 463 Vuokraovi.comin satunnaisesti poimittua k\u00e4vij\u00e4\u00e4.<\/em><\/p>\t\t\t\t\t<\/div>\n\t\t\t\t\t\t<\/div>\n\t\t\t\t<\/div>\n\t\t\t\t\t\t<\/div>\n\t\t\t\t\t<\/div>\n\t\t<\/div>\n\t\t\t\t\t\t\t\t<\/div>\n\t\t\t\t\t<\/div>\n\t\t<\/section>\n\t\t\t\t<section class=\"elementor-section elementor-top-section elementor-element elementor-element-723a6cf elementor-section-boxed elementor-section-height-default elementor-section-height-default\" data-id=\"723a6cf\" data-element_type=\"section\">\n\t\t\t\t\t\t<div class=\"elementor-container elementor-column-gap-default\">\n\t\t\t\t\t\t\t<div class=\"elementor-row\">\n\t\t\t\t\t<div class=\"elementor-column elementor-col-100 elementor-top-column elementor-element elementor-element-f00e900\" data-id=\"f00e900\" data-element_type=\"column\">\n\t\t\t<div class=\"elementor-column-wrap elementor-element-populated\">\n\t\t\t\t\t\t\t<div class=\"elementor-widget-wrap\">\n\t\t\t\t\t\t<div class=\"elementor-element elementor-element-4329a18 elementor-widget elementor-widget-spacer\" data-id=\"4329a18\" data-element_type=\"widget\" data-widget_type=\"spacer.default\">\n\t\t\t\t<div class=\"elementor-widget-container\">\n\t\t\t\t\t<div class=\"elementor-spacer\">\n\t\t\t<div class=\"elementor-spacer-inner\"><\/div>\n\t\t<\/div>\n\t\t\t\t<\/div>\n\t\t\t\t<\/div>\n\t\t\t\t<div class=\"elementor-element elementor-element-32db1ec elementor-align-center elementor-widget elementor-widget-button\" data-id=\"32db1ec\" data-element_type=\"widget\" data-widget_type=\"button.default\">\n\t\t\t\t<div class=\"elementor-widget-container\">\n\t\t\t\t\t<div class=\"elementor-button-wrapper\">\n\t\t\t<a href=\"#\" class=\"elementor-button-link elementor-button elementor-size-sm\" role=\"button\" id=\"hotjar\">\n\t\t\t\t\t\t<span class=\"elementor-button-content-wrapper\">\n\t\t\t\t\t\t<span class=\"elementor-button-text\">Mit\u00e4 mielt\u00e4 olit artikkelista?<\/span>\n\t\t<\/span>\n\t\t\t\t\t<\/a>\n\t\t<\/div>\n\t\t\t\t<\/div>\n\t\t\t\t<\/div>\n\t\t\t\t<div class=\"elementor-element elementor-element-2a4e766 elementor-widget elementor-widget-spacer\" data-id=\"2a4e766\" data-element_type=\"widget\" data-widget_type=\"spacer.default\">\n\t\t\t\t<div class=\"elementor-widget-container\">\n\t\t\t\t\t<div class=\"elementor-spacer\">\n\t\t\t<div class=\"elementor-spacer-inner\"><\/div>\n\t\t<\/div>\n\t\t\t\t<\/div>\n\t\t\t\t<\/div>\n\t\t\t\t<div class=\"elementor-element elementor-element-5e9ef81 elementor-widget elementor-widget-spacer\" data-id=\"5e9ef81\" data-element_type=\"widget\" data-widget_type=\"spacer.default\">\n\t\t\t\t<div class=\"elementor-widget-container\">\n\t\t\t\t\t<div class=\"elementor-spacer\">\n\t\t\t<div class=\"elementor-spacer-inner\"><\/div>\n\t\t<\/div>\n\t\t\t\t<\/div>\n\t\t\t\t<\/div>\n\t\t\t\t<div class=\"elementor-element elementor-element-97ca772 elementor-widget elementor-widget-image\" data-id=\"97ca772\" data-element_type=\"widget\" data-widget_type=\"image.default\">\n\t\t\t\t<div class=\"elementor-widget-container\">\n\t\t\t\t\t\t\t\t<div class=\"elementor-image\">\n\t\t\t\t\t\t\t\t\t\t\t\t\t<a href=\"https:\/\/etuovi.com\/mediatieto\/asuntokaupan-jarjestelmat-etuovi-com\/\">\n\t\t\t\t\t\t\t<img loading=\"lazy\" decoding=\"async\" width=\"800\" height=\"130\" src=\"https:\/\/cms.mediatiedot.etuovi.com\/mediatieto\/wp-content\/uploads\/Etuovi-footer-logoilla-mediatietosivut-2023.png\" class=\"attachment-large size-large wp-image-21823\" alt=\"\" srcset=\"https:\/\/cms.mediatiedot.etuovi.com\/mediatieto\/wp-content\/uploads\/Etuovi-footer-logoilla-mediatietosivut-2023.png 1200w, https:\/\/cms.mediatiedot.etuovi.com\/mediatieto\/wp-content\/uploads\/Etuovi-footer-logoilla-mediatietosivut-2023-800x130.png 800w, https:\/\/cms.mediatiedot.etuovi.com\/mediatieto\/wp-content\/uploads\/Etuovi-footer-logoilla-mediatietosivut-2023-768x125.png 768w\" sizes=\"auto, (max-width: 800px) 100vw, 800px\" \/>\t\t\t\t\t\t\t\t<\/a>\n\t\t\t\t\t\t\t\t\t\t\t\t\t\t<\/div>\n\t\t\t\t\t\t<\/div>\n\t\t\t\t<\/div>\n\t\t\t\t\t\t<\/div>\n\t\t\t\t\t<\/div>\n\t\t<\/div>\n\t\t\t\t\t\t\t\t<\/div>\n\t\t\t\t\t<\/div>\n\t\t<\/section>\n\t\t\t\t\t\t\t\t\t<\/div>\n\t\t\t<\/div>\n\t\t\t\t\t<\/div>\n\t\t","protected":false},"excerpt":{"rendered":"<p>Markkinapulssi tutkimuksen tulokset osoittavat, ett\u00e4 l\u00e4hes puolelle vastaajista asunnon hankinta on ajankohtaista heti sopivan asunnon l\u00f6ytyess\u00e4.<\/p>\n","protected":false},"author":5,"featured_media":22735,"comment_status":"closed","ping_status":"closed","sticky":false,"template":"elementor_header_footer","format":"standard","meta":{"footnotes":""},"categories":[12,17],"tags":[57,55,27,28,31,24,56],"class_list":["post-22715","post","type-post","status-publish","format-standard","has-post-thumbnail","hentry","category-asiantuntijuus","category-lehdistolle","tag-asumisoikeusasuminen","tag-asunnonvaihto","tag-data","tag-tutkimustieto","tag-venajan-hyokkays","tag-vuokraovi-com","tag-vuokraus"],"yoast_head":"<!-- This site is optimized with the Yoast SEO plugin v27.5 - https:\/\/yoast.com\/product\/yoast-seo-wordpress\/ -->\n<title>Vuokraovi.com tutki \u2013 Suurimmalla osalla vallitseva tilanne ei vaikuta asunnonvaihtosuunnitelmiin<\/title>\n<meta name=\"description\" content=\"Tuoreimman tutkimuksen mukaan vallitsevan tilanteen yleisin vaikutus on etsi\u00e4 edullisempaa vuokra- tai asumisoikeusasuntoa.\" \/>\n<meta name=\"robots\" content=\"noindex, nofollow\" \/>\n<meta property=\"og:locale\" content=\"fi_FI\" \/>\n<meta property=\"og:type\" content=\"article\" \/>\n<meta property=\"og:title\" content=\"Vuokraovi.com tutki \u2013 Suurimmalla osalla vallitseva tilanne ei vaikuta asunnonvaihtosuunnitelmiin\" \/>\n<meta property=\"og:description\" content=\"Tuoreimman tutkimuksen mukaan vallitsevan tilanteen yleisin vaikutus on etsi\u00e4 edullisempaa vuokra- tai asumisoikeusasuntoa.\" \/>\n<meta property=\"og:url\" content=\"https:\/\/3.252.77.247\/mediatieto\/vuokraovi-com-tutki-suurimmalla-osalla-vallitseva-tilanne-ei-vaikuta-asunnonvaihtosuunnitelmiin\/\" \/>\n<meta property=\"article:published_time\" content=\"2023-05-22T11:00:00+00:00\" \/>\n<meta property=\"article:modified_time\" content=\"2023-05-23T09:13:54+00:00\" \/>\n<meta property=\"og:image\" content=\"https:\/\/3.252.77.247\/mediatieto\/wp-content\/uploads\/vo_markkinapulssi_1_2023.jpg\" \/>\n\t<meta property=\"og:image:width\" content=\"1200\" \/>\n\t<meta property=\"og:image:height\" content=\"650\" \/>\n\t<meta property=\"og:image:type\" content=\"image\/jpeg\" \/>\n<meta name=\"author\" content=\"Ilona\" \/>\n<meta name=\"twitter:card\" content=\"summary_large_image\" \/>\n<meta name=\"twitter:label1\" content=\"Kirjoittanut\" \/>\n\t<meta name=\"twitter:data1\" content=\"Ilona\" \/>\n\t<meta name=\"twitter:label2\" content=\"Arvioitu lukuaika\" \/>\n\t<meta name=\"twitter:data2\" content=\"3 minuuttia\" \/>\n<script type=\"application\/ld+json\" class=\"yoast-schema-graph\">{\"@context\":\"https:\\\/\\\/schema.org\",\"@graph\":[{\"@type\":\"Article\",\"@id\":\"https:\\\/\\\/3.252.77.247\\\/mediatieto\\\/vuokraovi-com-tutki-suurimmalla-osalla-vallitseva-tilanne-ei-vaikuta-asunnonvaihtosuunnitelmiin\\\/#article\",\"isPartOf\":{\"@id\":\"https:\\\/\\\/3.252.77.247\\\/mediatieto\\\/vuokraovi-com-tutki-suurimmalla-osalla-vallitseva-tilanne-ei-vaikuta-asunnonvaihtosuunnitelmiin\\\/\"},\"author\":{\"name\":\"Ilona\",\"@id\":\"https:\\\/\\\/3.252.77.247\\\/mediatieto\\\/#\\\/schema\\\/person\\\/93bdc7407c3c8131c941dbd6c3e2e203\"},\"headline\":\"Vuokraovi.com tutki \u2013 Suurimmalla osalla vallitseva tilanne ei vaikuta asunnonvaihtosuunnitelmiin\",\"datePublished\":\"2023-05-22T11:00:00+00:00\",\"dateModified\":\"2023-05-23T09:13:54+00:00\",\"mainEntityOfPage\":{\"@id\":\"https:\\\/\\\/3.252.77.247\\\/mediatieto\\\/vuokraovi-com-tutki-suurimmalla-osalla-vallitseva-tilanne-ei-vaikuta-asunnonvaihtosuunnitelmiin\\\/\"},\"wordCount\":343,\"image\":{\"@id\":\"https:\\\/\\\/3.252.77.247\\\/mediatieto\\\/vuokraovi-com-tutki-suurimmalla-osalla-vallitseva-tilanne-ei-vaikuta-asunnonvaihtosuunnitelmiin\\\/#primaryimage\"},\"thumbnailUrl\":\"https:\\\/\\\/cms.mediatiedot.etuovi.com\\\/mediatieto\\\/wp-content\\\/uploads\\\/vo_markkinapulssi_1_2023.jpg\",\"keywords\":[\"asumisoikeusasuminen\",\"asunnonvaihto\",\"data\",\"tutkimustieto\",\"Ven\u00e4j\u00e4n hy\u00f6kk\u00e4ys\",\"vuokraovi.com\",\"vuokraus\"],\"articleSection\":[\"Asiantuntijuus\",\"Lehdist\u00f6lle\"],\"inLanguage\":\"fi\"},{\"@type\":\"WebPage\",\"@id\":\"https:\\\/\\\/3.252.77.247\\\/mediatieto\\\/vuokraovi-com-tutki-suurimmalla-osalla-vallitseva-tilanne-ei-vaikuta-asunnonvaihtosuunnitelmiin\\\/\",\"url\":\"https:\\\/\\\/3.252.77.247\\\/mediatieto\\\/vuokraovi-com-tutki-suurimmalla-osalla-vallitseva-tilanne-ei-vaikuta-asunnonvaihtosuunnitelmiin\\\/\",\"name\":\"Vuokraovi.com tutki \u2013 Suurimmalla osalla vallitseva tilanne ei vaikuta asunnonvaihtosuunnitelmiin\",\"isPartOf\":{\"@id\":\"https:\\\/\\\/3.252.77.247\\\/mediatieto\\\/#website\"},\"primaryImageOfPage\":{\"@id\":\"https:\\\/\\\/3.252.77.247\\\/mediatieto\\\/vuokraovi-com-tutki-suurimmalla-osalla-vallitseva-tilanne-ei-vaikuta-asunnonvaihtosuunnitelmiin\\\/#primaryimage\"},\"image\":{\"@id\":\"https:\\\/\\\/3.252.77.247\\\/mediatieto\\\/vuokraovi-com-tutki-suurimmalla-osalla-vallitseva-tilanne-ei-vaikuta-asunnonvaihtosuunnitelmiin\\\/#primaryimage\"},\"thumbnailUrl\":\"https:\\\/\\\/cms.mediatiedot.etuovi.com\\\/mediatieto\\\/wp-content\\\/uploads\\\/vo_markkinapulssi_1_2023.jpg\",\"datePublished\":\"2023-05-22T11:00:00+00:00\",\"dateModified\":\"2023-05-23T09:13:54+00:00\",\"author\":{\"@id\":\"https:\\\/\\\/3.252.77.247\\\/mediatieto\\\/#\\\/schema\\\/person\\\/93bdc7407c3c8131c941dbd6c3e2e203\"},\"description\":\"Tuoreimman tutkimuksen mukaan vallitsevan tilanteen yleisin vaikutus on etsi\u00e4 edullisempaa vuokra- tai asumisoikeusasuntoa.\",\"breadcrumb\":{\"@id\":\"https:\\\/\\\/3.252.77.247\\\/mediatieto\\\/vuokraovi-com-tutki-suurimmalla-osalla-vallitseva-tilanne-ei-vaikuta-asunnonvaihtosuunnitelmiin\\\/#breadcrumb\"},\"inLanguage\":\"fi\",\"potentialAction\":[{\"@type\":\"ReadAction\",\"target\":[\"https:\\\/\\\/3.252.77.247\\\/mediatieto\\\/vuokraovi-com-tutki-suurimmalla-osalla-vallitseva-tilanne-ei-vaikuta-asunnonvaihtosuunnitelmiin\\\/\"]}]},{\"@type\":\"ImageObject\",\"inLanguage\":\"fi\",\"@id\":\"https:\\\/\\\/3.252.77.247\\\/mediatieto\\\/vuokraovi-com-tutki-suurimmalla-osalla-vallitseva-tilanne-ei-vaikuta-asunnonvaihtosuunnitelmiin\\\/#primaryimage\",\"url\":\"https:\\\/\\\/cms.mediatiedot.etuovi.com\\\/mediatieto\\\/wp-content\\\/uploads\\\/vo_markkinapulssi_1_2023.jpg\",\"contentUrl\":\"https:\\\/\\\/cms.mediatiedot.etuovi.com\\\/mediatieto\\\/wp-content\\\/uploads\\\/vo_markkinapulssi_1_2023.jpg\",\"width\":1200,\"height\":650},{\"@type\":\"BreadcrumbList\",\"@id\":\"https:\\\/\\\/3.252.77.247\\\/mediatieto\\\/vuokraovi-com-tutki-suurimmalla-osalla-vallitseva-tilanne-ei-vaikuta-asunnonvaihtosuunnitelmiin\\\/#breadcrumb\",\"itemListElement\":[{\"@type\":\"ListItem\",\"position\":1,\"name\":\"Home\",\"item\":\"https:\\\/\\\/www.etuovi.com\\\/mediatieto\\\/\"},{\"@type\":\"ListItem\",\"position\":2,\"name\":\"Vuokraovi.com tutki \u2013 Suurimmalla osalla vallitseva tilanne ei vaikuta asunnonvaihtosuunnitelmiin\"}]},{\"@type\":\"WebSite\",\"@id\":\"https:\\\/\\\/3.252.77.247\\\/mediatieto\\\/#website\",\"url\":\"https:\\\/\\\/3.252.77.247\\\/mediatieto\\\/\",\"name\":\"\",\"description\":\"Asumisen mediatiedot -sivustolta l\u00f6yd\u00e4t kattavat mediatiedot asumisen palveluista \u2013 Etuovi.comista ja Vuokraovi.comista\",\"potentialAction\":[{\"@type\":\"SearchAction\",\"target\":{\"@type\":\"EntryPoint\",\"urlTemplate\":\"https:\\\/\\\/3.252.77.247\\\/mediatieto\\\/?s={search_term_string}\"},\"query-input\":{\"@type\":\"PropertyValueSpecification\",\"valueRequired\":true,\"valueName\":\"search_term_string\"}}],\"inLanguage\":\"fi\"},{\"@type\":\"Person\",\"@id\":\"https:\\\/\\\/3.252.77.247\\\/mediatieto\\\/#\\\/schema\\\/person\\\/93bdc7407c3c8131c941dbd6c3e2e203\",\"name\":\"Ilona\"}]}<\/script>\n<!-- \/ Yoast SEO plugin. -->","yoast_head_json":{"title":"Vuokraovi.com tutki \u2013 Suurimmalla osalla vallitseva tilanne ei vaikuta asunnonvaihtosuunnitelmiin","description":"Tuoreimman tutkimuksen mukaan vallitsevan tilanteen yleisin vaikutus on etsi\u00e4 edullisempaa vuokra- tai asumisoikeusasuntoa.","robots":{"index":"noindex","follow":"nofollow"},"og_locale":"fi_FI","og_type":"article","og_title":"Vuokraovi.com tutki \u2013 Suurimmalla osalla vallitseva tilanne ei vaikuta asunnonvaihtosuunnitelmiin","og_description":"Tuoreimman tutkimuksen mukaan vallitsevan tilanteen yleisin vaikutus on etsi\u00e4 edullisempaa vuokra- tai asumisoikeusasuntoa.","og_url":"https:\/\/3.252.77.247\/mediatieto\/vuokraovi-com-tutki-suurimmalla-osalla-vallitseva-tilanne-ei-vaikuta-asunnonvaihtosuunnitelmiin\/","article_published_time":"2023-05-22T11:00:00+00:00","article_modified_time":"2023-05-23T09:13:54+00:00","og_image":[{"width":1200,"height":650,"url":"https:\/\/3.252.77.247\/mediatieto\/wp-content\/uploads\/vo_markkinapulssi_1_2023.jpg","type":"image\/jpeg"}],"author":"Ilona","twitter_card":"summary_large_image","twitter_misc":{"Kirjoittanut":"Ilona","Arvioitu lukuaika":"3 minuuttia"},"schema":{"@context":"https:\/\/schema.org","@graph":[{"@type":"Article","@id":"https:\/\/3.252.77.247\/mediatieto\/vuokraovi-com-tutki-suurimmalla-osalla-vallitseva-tilanne-ei-vaikuta-asunnonvaihtosuunnitelmiin\/#article","isPartOf":{"@id":"https:\/\/3.252.77.247\/mediatieto\/vuokraovi-com-tutki-suurimmalla-osalla-vallitseva-tilanne-ei-vaikuta-asunnonvaihtosuunnitelmiin\/"},"author":{"name":"Ilona","@id":"https:\/\/3.252.77.247\/mediatieto\/#\/schema\/person\/93bdc7407c3c8131c941dbd6c3e2e203"},"headline":"Vuokraovi.com tutki \u2013 Suurimmalla osalla vallitseva tilanne ei vaikuta asunnonvaihtosuunnitelmiin","datePublished":"2023-05-22T11:00:00+00:00","dateModified":"2023-05-23T09:13:54+00:00","mainEntityOfPage":{"@id":"https:\/\/3.252.77.247\/mediatieto\/vuokraovi-com-tutki-suurimmalla-osalla-vallitseva-tilanne-ei-vaikuta-asunnonvaihtosuunnitelmiin\/"},"wordCount":343,"image":{"@id":"https:\/\/3.252.77.247\/mediatieto\/vuokraovi-com-tutki-suurimmalla-osalla-vallitseva-tilanne-ei-vaikuta-asunnonvaihtosuunnitelmiin\/#primaryimage"},"thumbnailUrl":"https:\/\/cms.mediatiedot.etuovi.com\/mediatieto\/wp-content\/uploads\/vo_markkinapulssi_1_2023.jpg","keywords":["asumisoikeusasuminen","asunnonvaihto","data","tutkimustieto","Ven\u00e4j\u00e4n hy\u00f6kk\u00e4ys","vuokraovi.com","vuokraus"],"articleSection":["Asiantuntijuus","Lehdist\u00f6lle"],"inLanguage":"fi"},{"@type":"WebPage","@id":"https:\/\/3.252.77.247\/mediatieto\/vuokraovi-com-tutki-suurimmalla-osalla-vallitseva-tilanne-ei-vaikuta-asunnonvaihtosuunnitelmiin\/","url":"https:\/\/3.252.77.247\/mediatieto\/vuokraovi-com-tutki-suurimmalla-osalla-vallitseva-tilanne-ei-vaikuta-asunnonvaihtosuunnitelmiin\/","name":"Vuokraovi.com tutki \u2013 Suurimmalla osalla vallitseva tilanne ei vaikuta asunnonvaihtosuunnitelmiin","isPartOf":{"@id":"https:\/\/3.252.77.247\/mediatieto\/#website"},"primaryImageOfPage":{"@id":"https:\/\/3.252.77.247\/mediatieto\/vuokraovi-com-tutki-suurimmalla-osalla-vallitseva-tilanne-ei-vaikuta-asunnonvaihtosuunnitelmiin\/#primaryimage"},"image":{"@id":"https:\/\/3.252.77.247\/mediatieto\/vuokraovi-com-tutki-suurimmalla-osalla-vallitseva-tilanne-ei-vaikuta-asunnonvaihtosuunnitelmiin\/#primaryimage"},"thumbnailUrl":"https:\/\/cms.mediatiedot.etuovi.com\/mediatieto\/wp-content\/uploads\/vo_markkinapulssi_1_2023.jpg","datePublished":"2023-05-22T11:00:00+00:00","dateModified":"2023-05-23T09:13:54+00:00","author":{"@id":"https:\/\/3.252.77.247\/mediatieto\/#\/schema\/person\/93bdc7407c3c8131c941dbd6c3e2e203"},"description":"Tuoreimman tutkimuksen mukaan vallitsevan tilanteen yleisin vaikutus on etsi\u00e4 edullisempaa vuokra- tai asumisoikeusasuntoa.","breadcrumb":{"@id":"https:\/\/3.252.77.247\/mediatieto\/vuokraovi-com-tutki-suurimmalla-osalla-vallitseva-tilanne-ei-vaikuta-asunnonvaihtosuunnitelmiin\/#breadcrumb"},"inLanguage":"fi","potentialAction":[{"@type":"ReadAction","target":["https:\/\/3.252.77.247\/mediatieto\/vuokraovi-com-tutki-suurimmalla-osalla-vallitseva-tilanne-ei-vaikuta-asunnonvaihtosuunnitelmiin\/"]}]},{"@type":"ImageObject","inLanguage":"fi","@id":"https:\/\/3.252.77.247\/mediatieto\/vuokraovi-com-tutki-suurimmalla-osalla-vallitseva-tilanne-ei-vaikuta-asunnonvaihtosuunnitelmiin\/#primaryimage","url":"https:\/\/cms.mediatiedot.etuovi.com\/mediatieto\/wp-content\/uploads\/vo_markkinapulssi_1_2023.jpg","contentUrl":"https:\/\/cms.mediatiedot.etuovi.com\/mediatieto\/wp-content\/uploads\/vo_markkinapulssi_1_2023.jpg","width":1200,"height":650},{"@type":"BreadcrumbList","@id":"https:\/\/3.252.77.247\/mediatieto\/vuokraovi-com-tutki-suurimmalla-osalla-vallitseva-tilanne-ei-vaikuta-asunnonvaihtosuunnitelmiin\/#breadcrumb","itemListElement":[{"@type":"ListItem","position":1,"name":"Home","item":"https:\/\/www.etuovi.com\/mediatieto\/"},{"@type":"ListItem","position":2,"name":"Vuokraovi.com tutki \u2013 Suurimmalla osalla vallitseva tilanne ei vaikuta asunnonvaihtosuunnitelmiin"}]},{"@type":"WebSite","@id":"https:\/\/3.252.77.247\/mediatieto\/#website","url":"https:\/\/3.252.77.247\/mediatieto\/","name":"","description":"Asumisen mediatiedot -sivustolta l\u00f6yd\u00e4t kattavat mediatiedot asumisen palveluista \u2013 Etuovi.comista ja Vuokraovi.comista","potentialAction":[{"@type":"SearchAction","target":{"@type":"EntryPoint","urlTemplate":"https:\/\/3.252.77.247\/mediatieto\/?s={search_term_string}"},"query-input":{"@type":"PropertyValueSpecification","valueRequired":true,"valueName":"search_term_string"}}],"inLanguage":"fi"},{"@type":"Person","@id":"https:\/\/3.252.77.247\/mediatieto\/#\/schema\/person\/93bdc7407c3c8131c941dbd6c3e2e203","name":"Ilona"}]}},"_links":{"self":[{"href":"https:\/\/cms.mediatiedot.etuovi.com\/mediatieto\/wp-json\/wp\/v2\/posts\/22715","targetHints":{"allow":["GET"]}}],"collection":[{"href":"https:\/\/cms.mediatiedot.etuovi.com\/mediatieto\/wp-json\/wp\/v2\/posts"}],"about":[{"href":"https:\/\/cms.mediatiedot.etuovi.com\/mediatieto\/wp-json\/wp\/v2\/types\/post"}],"author":[{"embeddable":true,"href":"https:\/\/cms.mediatiedot.etuovi.com\/mediatieto\/wp-json\/wp\/v2\/users\/5"}],"replies":[{"embeddable":true,"href":"https:\/\/cms.mediatiedot.etuovi.com\/mediatieto\/wp-json\/wp\/v2\/comments?post=22715"}],"version-history":[{"count":0,"href":"https:\/\/cms.mediatiedot.etuovi.com\/mediatieto\/wp-json\/wp\/v2\/posts\/22715\/revisions"}],"wp:featuredmedia":[{"embeddable":true,"href":"https:\/\/cms.mediatiedot.etuovi.com\/mediatieto\/wp-json\/wp\/v2\/media\/22735"}],"wp:attachment":[{"href":"https:\/\/cms.mediatiedot.etuovi.com\/mediatieto\/wp-json\/wp\/v2\/media?parent=22715"}],"wp:term":[{"taxonomy":"category","embeddable":true,"href":"https:\/\/cms.mediatiedot.etuovi.com\/mediatieto\/wp-json\/wp\/v2\/categories?post=22715"},{"taxonomy":"post_tag","embeddable":true,"href":"https:\/\/cms.mediatiedot.etuovi.com\/mediatieto\/wp-json\/wp\/v2\/tags?post=22715"}],"curies":[{"name":"wp","href":"https:\/\/api.w.org\/{rel}","templated":true}]}}